{"id":12507,"date":"2013-07-24T05:35:35","date_gmt":"2013-07-24T05:35:35","guid":{"rendered":"http:\/\/sima.edu.mx\/?p=12507"},"modified":"2020-01-23T18:53:00","modified_gmt":"2020-01-23T23:53:00","slug":"graduacion-2013","status":"publish","type":"post","link":"https:\/\/sima.edu.mx\/es\/graduacion-2013\/","title":{"rendered":"Graduaci\u00f3n 2013"},"content":{"rendered":"<h2>Graduaci\u00f3n de Secundaria del Instituto SIMA 2013<\/h2>\n<p>Con alegr\u00eda y nostalgia se despidieron de sus maestros que por tres a\u00f1os los acompa\u00f1aron en su formaci\u00f3n secundaria los alumnos de 9no del Instituto SIMA. \u00a0Los coordinadores Federico y Shawn, entre pausas de sentimiento, les hablaron de lo maravilloso que fue trabajar con ellos y que no tienen ninguna duda de que ir\u00e1n a la prepa a tener \u00e9xito en todo lo que emprendan.<br \/>\nLuego se les present\u00f3 un video de las memorias de su paso por el colegio algunos recordaron hasta nueve a\u00f1os de experiencias vividas. \u00a0Con toga y birrete, recibieron sus ultimas calificaciones que los acreditan como graduados, al tiempo que en la pantalla se presentaba una secuencia de fotos desde su primer a\u00f1o en el colegio y mostrando en segundos su crecimiento y transformaci\u00f3n del ni\u00f1o que entr\u00f3 al joven que se va. Antes de terminar, Lynn, \u00a8\u00bbla jefa\u00bb, \u00a0prepar\u00f3 unas palabras para sus maestros y compa\u00f1eros que expres\u00f3 con alegr\u00eda y de forma muy divertida. El Inge, orgulloso de la mejor generaci\u00f3n que ha salido del Instituto, \u00a0les mostr\u00f3 un video de motivaci\u00f3n, luego les felicit\u00f3 y dio algunos consejos finales, especialmente que no tengan miedo de ser diferentes ni de tener \u00e9xito.<\/p>\n<p>Una graduaci\u00f3n m\u00e1s, y seguros de que cumplir\u00e1n con la misi\u00f3n \u00a0del colegio, \u00abDar a los alumnos una formaci\u00f3n integral, intelectual, humana, f\u00edsica, a fin de que sean agentes transformadores de nuestra sociedad.<\/p>\n","protected":false},"excerpt":{"rendered":"<p>Graduaci\u00f3n de Secundaria del Instituto SIMA 2013 Con alegr\u00eda y nostalgia se despidieron de sus maestros que por tres a\u00f1os los acompa\u00f1aron en su formaci\u00f3n secundaria los alumnos de 9no del Instituto SIMA. \u00a0Los coordinadores Federico y Shawn, entre pausas de sentimiento, les hablaron de lo maravilloso que fue trabajar con ellos y que no [&hellip;]<\/p>\n","protected":false},"author":7,"featured_media":0,"comment_status":"closed","ping_status":"closed","sticky":false,"template":"","format":"standard","meta":{"_monsterinsights_skip_tracking":false,"_monsterinsights_sitenote_active":false,"_monsterinsights_sitenote_note":"","_monsterinsights_sitenote_category":0,"_glsr_average":0,"_glsr_ranking":0,"_glsr_reviews":0},"categories":[187],"tags":[28],"aioseo_notices":[],"_links":{"self":[{"href":"https:\/\/sima.edu.mx\/es\/wp-json\/wp\/v2\/posts\/12507"}],"collection":[{"href":"https:\/\/sima.edu.mx\/es\/wp-json\/wp\/v2\/posts"}],"about":[{"href":"https:\/\/sima.edu.mx\/es\/wp-json\/wp\/v2\/types\/post"}],"author":[{"embeddable":true,"href":"https:\/\/sima.edu.mx\/es\/wp-json\/wp\/v2\/users\/7"}],"replies":[{"embeddable":true,"href":"https:\/\/sima.edu.mx\/es\/wp-json\/wp\/v2\/comments?post=12507"}],"version-history":[{"count":2,"href":"https:\/\/sima.edu.mx\/es\/wp-json\/wp\/v2\/posts\/12507\/revisions"}],"predecessor-version":[{"id":14130,"href":"https:\/\/sima.edu.mx\/es\/wp-json\/wp\/v2\/posts\/12507\/revisions\/14130"}],"wp:attachment":[{"href":"https:\/\/sima.edu.mx\/es\/wp-json\/wp\/v2\/media?parent=12507"}],"wp:term":[{"taxonomy":"category","embeddable":true,"href":"https:\/\/sima.edu.mx\/es\/wp-json\/wp\/v2\/categories?post=12507"},{"taxonomy":"post_tag","embeddable":true,"href":"https:\/\/sima.edu.mx\/es\/wp-json\/wp\/v2\/tags?post=12507"}],"curies":[{"name":"wp","href":"https:\/\/api.w.org\/{rel}","templated":true}]}}