{"id":12511,"date":"2013-07-24T05:37:51","date_gmt":"2013-07-24T05:37:51","guid":{"rendered":"http:\/\/sima.edu.mx\/?p=12511"},"modified":"2020-01-23T19:02:07","modified_gmt":"2020-01-24T00:02:07","slug":"el-instituto-sima-si-piensa-en-las-familias-de-hoy","status":"publish","type":"post","link":"https:\/\/sima.edu.mx\/es\/el-instituto-sima-si-piensa-en-las-familias-de-hoy\/","title":{"rendered":"El Instituto SIMA s\u00ed piensa en las familias de hoy"},"content":{"rendered":"<h2>Un colegio que verdaderamente atiende las necesidades de los padres de familia de Hoy.<\/h2>\n<p>La creciente poblaci\u00f3n de mam\u00e1s profesionistas \u00a0que trabajan con horario m\u00e1s extenso que el escolar requiere de un colegio que atienda la necesidad de sana alimentaci\u00f3n, variedad de actividades en la tarde \u00a0y estancia infantil que el Instituto SIMA ofrece. \u00a0La estancia les brinda un espacio para juego y descanso sin costo extra.<\/p>\n<p>La psicolog\u00eda es una herramienta muy \u00fatil para todas las familias que inician tanto para orientarles en su papel \u00a0de padres como para apoyarles en sus necesidades especificas. Este departamento de reciente creaci\u00f3n le agrega un valor determinante en el desempe\u00f1o escolar de los alumnos que han recibido este servicio. El departamento ofrece el programa A.D.A.P.T.A. (Actividades de apoyo para el trabajo en el aula) dentro del horario escolar con muy buenos resultados y sin costo extra. Y agrega terapias por la tarde seg\u00fan las necesidades de cada alumno que as\u00ed requiera. Todo esto para comodidad de los padres en el mismo lugar.<\/p>\n<p>El colegio desde su concepci\u00f3n fue pensado para cuidar la econom\u00eda de las familias, considerando siempre eficientizar procesos, mantener bajos los costos de operaci\u00f3n para aprovechar al m\u00e1ximo los recursos y poder ofrecer el excelente servicio a un precio justo para el padre de familia. Las familias que conf\u00edan sus hijos a esta Instituci\u00f3n comprueban que los costos de colegiaturas, \u00a0re inscripciones, materiales, \u00a0libros y \u00a0uniformes son razonables y distribuidos en el a\u00f1o de manera conveniente para el jefe de familia, \u00a0que nunca se les pide aportaciones de ning\u00fan tipo, cosa que les da mucha tranquilidad econ\u00f3mica.<\/p>\n","protected":false},"excerpt":{"rendered":"<p>Un colegio que verdaderamente atiende las necesidades de los padres de familia de Hoy. La creciente poblaci\u00f3n de mam\u00e1s profesionistas \u00a0que trabajan con horario m\u00e1s extenso que el escolar requiere de un colegio que atienda la necesidad de sana alimentaci\u00f3n, variedad de actividades en la tarde \u00a0y estancia infantil que el Instituto SIMA ofrece. \u00a0La [&hellip;]<\/p>\n","protected":false},"author":7,"featured_media":0,"comment_status":"closed","ping_status":"closed","sticky":false,"template":"","format":"standard","meta":{"_monsterinsights_skip_tracking":false,"_monsterinsights_sitenote_active":false,"_monsterinsights_sitenote_note":"","_monsterinsights_sitenote_category":0,"_glsr_average":0,"_glsr_ranking":0,"_glsr_reviews":0},"categories":[187],"tags":[28],"aioseo_notices":[],"_links":{"self":[{"href":"https:\/\/sima.edu.mx\/es\/wp-json\/wp\/v2\/posts\/12511"}],"collection":[{"href":"https:\/\/sima.edu.mx\/es\/wp-json\/wp\/v2\/posts"}],"about":[{"href":"https:\/\/sima.edu.mx\/es\/wp-json\/wp\/v2\/types\/post"}],"author":[{"embeddable":true,"href":"https:\/\/sima.edu.mx\/es\/wp-json\/wp\/v2\/users\/7"}],"replies":[{"embeddable":true,"href":"https:\/\/sima.edu.mx\/es\/wp-json\/wp\/v2\/comments?post=12511"}],"version-history":[{"count":4,"href":"https:\/\/sima.edu.mx\/es\/wp-json\/wp\/v2\/posts\/12511\/revisions"}],"predecessor-version":[{"id":14133,"href":"https:\/\/sima.edu.mx\/es\/wp-json\/wp\/v2\/posts\/12511\/revisions\/14133"}],"wp:attachment":[{"href":"https:\/\/sima.edu.mx\/es\/wp-json\/wp\/v2\/media?parent=12511"}],"wp:term":[{"taxonomy":"category","embeddable":true,"href":"https:\/\/sima.edu.mx\/es\/wp-json\/wp\/v2\/categories?post=12511"},{"taxonomy":"post_tag","embeddable":true,"href":"https:\/\/sima.edu.mx\/es\/wp-json\/wp\/v2\/tags?post=12511"}],"curies":[{"name":"wp","href":"https:\/\/api.w.org\/{rel}","templated":true}]}}