{"id":12843,"date":"2015-10-07T18:14:54","date_gmt":"2015-10-07T18:14:54","guid":{"rendered":"http:\/\/sima.edu.mx\/?p=12843"},"modified":"2020-01-24T15:26:37","modified_gmt":"2020-01-24T20:26:37","slug":"resena-de-septiembre","status":"publish","type":"post","link":"https:\/\/sima.edu.mx\/es\/resena-de-septiembre\/","title":{"rendered":"Rese\u00f1a de Septiembre 2015"},"content":{"rendered":"<p>Agradecemos su preferencia y confianza en el Instituto SIMA.<\/p>\n<p>Les compartimos en esta ocasi\u00f3n una rese\u00f1a de los eventos m\u00e1s relevantes del Instituto que tuvieron lugar este pasado mes de Septiembre:<br \/>\nLos alumnos de 1\u00ba y 2\u00ba de primaria visitaron el Museo del Vidrio pudiendo observar la historia de una de las industrias pilares de nuestra ciudad.<\/p>\n<p>Los alumnos de K\u00ednder visitaron el Museo de Flora y Ciencias Naturales en el Parque Ni\u00f1os H\u00e9roes.<br \/>\nCon estas visitas escolares fomentamos el gusto por la historia de nuestra ciudad, as\u00ed como por la diversidad de su flora y su fauna.<br \/>\nEl objetivo de estas visitas es que los estudiantes lleguen a obtener las habilidades de selecci\u00f3n de informaci\u00f3n importante, as\u00ed como la comprensi\u00f3n de eventos pasados. Todo esto gracias a la experiencia en vivo que nos otorga la visita a un museo, ellos a trav\u00e9s de la experiencia en vivo desarrollan el pensamiento cr\u00edtico.<\/p>\n<p>El Funny Friday de este mes fue de colores patrios, pudimos observar desde el vestuario sencillo con los tres colores hasta algunos muy laboriosos, pero todos festivos y patri\u00f3ticos.<\/p>\n<p>El equipo de f\u00fatbol soccer de los ni\u00f1os de primaria y de preescolar tuvieron partido este mes.<\/p>\n<p>El d\u00eda 16, d\u00eda de asueto, lo disfrutaron varios de los maestros junto con el director en un paseo a Matacanes. Deporte y diversi\u00f3n en una sola visita.<\/p>\n<p>Este mes la Secretar\u00eda de Educaci\u00f3n P\u00fablica (SEP) se aplic\u00f3 el examen diagn\u00f3stico Planea para 4\u00ba grado.<\/p>\n<p>&#8212;<\/p>\n<p>Por parte de la administraci\u00f3n hubo una nueva promoci\u00f3n respecto al pago de la inscripci\u00f3n, apoyando as\u00ed la econom\u00eda de todas las familias SIMA.<\/p>\n<p>&#8212;<\/p>\n<p>&nbsp;<\/p>\n<p>Hasta la pr\u00f3xima.<\/p>\n","protected":false},"excerpt":{"rendered":"<p>Agradecemos su preferencia y confianza en el Instituto SIMA. Les compartimos en esta ocasi\u00f3n una rese\u00f1a de los eventos m\u00e1s relevantes del Instituto que tuvieron lugar este pasado mes de Septiembre: Los alumnos de 1\u00ba y 2\u00ba de primaria visitaron el Museo del Vidrio pudiendo observar la historia de una de las industrias pilares de [&hellip;]<\/p>\n","protected":false},"author":7,"featured_media":0,"comment_status":"closed","ping_status":"closed","sticky":false,"template":"","format":"standard","meta":{"_monsterinsights_skip_tracking":false,"_monsterinsights_sitenote_active":false,"_monsterinsights_sitenote_note":"","_monsterinsights_sitenote_category":0,"_glsr_average":0,"_glsr_ranking":0,"_glsr_reviews":0},"categories":[187],"tags":[28],"aioseo_notices":[],"_links":{"self":[{"href":"https:\/\/sima.edu.mx\/es\/wp-json\/wp\/v2\/posts\/12843"}],"collection":[{"href":"https:\/\/sima.edu.mx\/es\/wp-json\/wp\/v2\/posts"}],"about":[{"href":"https:\/\/sima.edu.mx\/es\/wp-json\/wp\/v2\/types\/post"}],"author":[{"embeddable":true,"href":"https:\/\/sima.edu.mx\/es\/wp-json\/wp\/v2\/users\/7"}],"replies":[{"embeddable":true,"href":"https:\/\/sima.edu.mx\/es\/wp-json\/wp\/v2\/comments?post=12843"}],"version-history":[{"count":5,"href":"https:\/\/sima.edu.mx\/es\/wp-json\/wp\/v2\/posts\/12843\/revisions"}],"predecessor-version":[{"id":14160,"href":"https:\/\/sima.edu.mx\/es\/wp-json\/wp\/v2\/posts\/12843\/revisions\/14160"}],"wp:attachment":[{"href":"https:\/\/sima.edu.mx\/es\/wp-json\/wp\/v2\/media?parent=12843"}],"wp:term":[{"taxonomy":"category","embeddable":true,"href":"https:\/\/sima.edu.mx\/es\/wp-json\/wp\/v2\/categories?post=12843"},{"taxonomy":"post_tag","embeddable":true,"href":"https:\/\/sima.edu.mx\/es\/wp-json\/wp\/v2\/tags?post=12843"}],"curies":[{"name":"wp","href":"https:\/\/api.w.org\/{rel}","templated":true}]}}